{"id":1548,"date":"2016-07-13T07:32:27","date_gmt":"2016-07-13T07:32:27","guid":{"rendered":"https:\/\/2016.gdynia.wordcamp.org\/?p=1548"},"modified":"2016-08-24T11:08:44","modified_gmt":"2016-08-24T09:08:44","slug":"wordpress-training-day-juz-w-sobote","status":"publish","type":"post","link":"https:\/\/gdynia.wordcamp.org\/2016\/wordpress-training-day-juz-w-sobote\/","title":{"rendered":"WordPress Training Day ju\u017c w sobot\u0119!"},"content":{"rendered":"<p><span class=\"_4n-j fsl\">Wszystkich zainteresowanych tematyk\u0105 WordPressa zapraszamy do Krakowa, gdzie ju\u017c 16 lipca od godz. 14:00 odb\u0119dzie si\u0119 spotkanie <a href=\"https:\/\/www.facebook.com\/events\/1476188079074083\/\"><strong>WordPress Training Day<\/strong><\/a>!<\/span><\/p>\n<p>Opr\u00f3cz warsztat\u00f3w podczas spotkania odb\u0119d\u0105 si\u0119 gie\u0142da pracy i zlece\u0144 oraz wieczorne, otwarte prelekcje! Nie zabraknie tak\u017ce networkingu podczas afterparty \ud83d\ude42<!--more--><\/p>\n<p>Planujemy 4 sesje warsztatowe, ka\u017cda dla 30 os\u00f3b. Warsztaty b\u0119d\u0105 darmowe, liczba miejsc jest jednak ograniczona, a o zapisach poinformujemy wkr\u00f3tce. Szczeg\u00f3\u0142y i opisy warsztat\u00f3w ju\u017c si\u0119 klaruj\u0105, ale je\u017celi masz pomys\u0142 na warsztat i moc by go przeprowadzi\u0107 &#8211; zg\u0142o\u015b si\u0119 do nas!<\/p>\n<p>Miejsce: <a href=\"https:\/\/itechcloud.pl\/\" target=\"_blank\" rel=\"nofollow nofollow\">https:\/\/itechcloud.pl\/<\/a><\/p>\n<p>Program spotkania:<\/p>\n<p>Wprowadzenie: 15 min<br \/>\n<span class=\"text_exposed_show\"><br \/>\n[Warsztat 1.1] <strong>Szymon Skulimowski<\/strong>: WordPress dla pocz\u0105tkuj\u0105cych<br \/>\n[Warsztat 1.2] <strong>Krzysztof Dr\u00f3\u017cd\u017c<\/strong>: Zabezpiecz swoj\u0105 stron\u0119<\/span><\/p>\n<p>Przerwa<\/p>\n<p>[Warsztat 2.1] <strong>Aleksander Kuczek<\/strong>: Zarz\u0105dzanie stronami internetowymi na WordPressie jako biznes przynosz\u0105cy z\u0142ote jaja<br \/>\n[Warsztat 2.2] <strong>Tomasz Ko\u0142kiewicz<\/strong>: SEO w WordPressie &#8211; poprawa widoczno\u015bci strony w wyszukiwarce<\/p>\n<p>Przerwa<\/p>\n<p>[Prelekcja 1] <strong>Tomasz Dziuda<\/strong>: Jak nad\u0105\u017cy\u0107 za \u015bwiatem frontendu<br \/>\n[Prelekcja 2] TBA<\/p>\n<p>Afterparty w <a href=\"https:\/\/www.facebook.com\/domowkacafe\/\">Dom\u00f3wka Cafe<\/a> \ud83d\ude00<\/p>\n<p>W mi\u0119dzyczasie pizza, networking i mo\u017cliwo\u015b\u0107 spotkania wielu profesjonalist\u00f3w ze \u015bwiata WP w Polsce! Organizatorem spotkania <strong>jest <\/strong><a href=\"https:\/\/www.facebook.com\/WordUpKrakow\/\"><strong>WordUp Krak\u00f3w<\/strong><\/a> oraz <strong>Marcin Wolak<\/strong> &#8211; koordynator zesz\u0142orocznego WordCampa &#8211; mo\u017cecie mie\u0107 zatem pewno\u015b\u0107, \u017ce b\u0119dzie to spotkanie na najwy\u017cszym poziomie.<\/p>\n<p>Do zobaczenia &#8211; tym razem w Krakowie! \ud83d\ude42<\/p>\n","protected":false},"excerpt":{"rendered":"<p>Wszystkich zainteresowanych tematyk\u0105 WordPressa zapraszamy do Krakowa, gdzie ju\u017c 16 lipca od godz. 14:00 odb\u0119dzie si\u0119 spotkanie WordPress Training Day! Opr\u00f3cz warsztat\u00f3w podczas spotkania odb\u0119d\u0105 si\u0119 gie\u0142da pracy i zlece\u0144 oraz wieczorne, otwarte prelekcje! Nie zabraknie tak\u017ce networkingu podczas afterparty \ud83d\ude42<\/p>\n","protected":false},"author":13803854,"featured_media":1551,"comment_status":"open","ping_status":"open","sticky":false,"template":"","format":"standard","meta":{"_crdt_document":"","jetpack_post_was_ever_published":false,"_jetpack_newsletter_access":"","_jetpack_dont_email_post_to_subs":false,"_jetpack_newsletter_tier_id":0,"_jetpack_memberships_contains_paywalled_content":false,"_jetpack_memberships_contains_paid_content":false,"footnotes":""},"categories":[1],"tags":[487764,218,487751,14],"class_list":["post-1548","post","type-post","status-publish","format-standard","has-post-thumbnail","hentry","category-uncategorized","tag-krakow","tag-seo","tag-warsztaty","tag-wordpress"],"jetpack_featured_media_url":"https:\/\/gdynia.wordcamp.org\/2016\/files\/2016\/07\/wp_training_day.jpg","jetpack_sharing_enabled":true,"jetpack_shortlink":"https:\/\/wp.me\/p763Fe-oY","_links":{"self":[{"href":"https:\/\/gdynia.wordcamp.org\/2016\/wp-json\/wp\/v2\/posts\/1548","targetHints":{"allow":["GET"]}}],"collection":[{"href":"https:\/\/gdynia.wordcamp.org\/2016\/wp-json\/wp\/v2\/posts"}],"about":[{"href":"https:\/\/gdynia.wordcamp.org\/2016\/wp-json\/wp\/v2\/types\/post"}],"author":[{"embeddable":true,"href":"https:\/\/gdynia.wordcamp.org\/2016\/wp-json\/wp\/v2\/users\/13803854"}],"replies":[{"embeddable":true,"href":"https:\/\/gdynia.wordcamp.org\/2016\/wp-json\/wp\/v2\/comments?post=1548"}],"version-history":[{"count":5,"href":"https:\/\/gdynia.wordcamp.org\/2016\/wp-json\/wp\/v2\/posts\/1548\/revisions"}],"predecessor-version":[{"id":2095,"href":"https:\/\/gdynia.wordcamp.org\/2016\/wp-json\/wp\/v2\/posts\/1548\/revisions\/2095"}],"wp:featuredmedia":[{"embeddable":true,"href":"https:\/\/gdynia.wordcamp.org\/2016\/wp-json\/wp\/v2\/media\/1551"}],"wp:attachment":[{"href":"https:\/\/gdynia.wordcamp.org\/2016\/wp-json\/wp\/v2\/media?parent=1548"}],"wp:term":[{"taxonomy":"category","embeddable":true,"href":"https:\/\/gdynia.wordcamp.org\/2016\/wp-json\/wp\/v2\/categories?post=1548"},{"taxonomy":"post_tag","embeddable":true,"href":"https:\/\/gdynia.wordcamp.org\/2016\/wp-json\/wp\/v2\/tags?post=1548"}],"curies":[{"name":"wp","href":"https:\/\/api.w.org\/{rel}","templated":true}]}}