{"id":5,"date":"2016-04-01T10:00:12","date_gmt":"2016-04-01T10:00:12","guid":{"rendered":"https:\/\/2016.gdynia.wordcamp.org\/?p=5"},"modified":"2016-04-20T06:46:40","modified_gmt":"2016-04-20T06:46:40","slug":"otwieramy-nabor-na-prelegentow","status":"publish","type":"post","link":"https:\/\/gdynia.wordcamp.org\/2016\/otwieramy-nabor-na-prelegentow\/","title":{"rendered":"To nie \u017cart! Otwieramy nab\u00f3r na prelegent\u00f3w"},"content":{"rendered":"<p>Morza szum, ptak\u00f3w \u015bpiew&#8230; ale przede wszystkim najciekawsze prezentacje i prelekcje &#8211; to znajdziecie na <strong>WordCamp Gdynia 2016<\/strong>!<\/p>\n<p>Niniejszym otwieramy nab\u00f3r na prelegent\u00f3w i prelegentki si\u00f3dmego polskiego <strong>WordCampa<\/strong>. Je\u015bli znasz si\u0119 na WordPressie i chcia\u0142by\u015b\/chcia\u0142aby\u015b podzieli\u0107 si\u0119 swoj\u0105 wiedz\u0105 i do\u015bwiadczeniem podczas najwi\u0119kszej polskiej konferencji wordpressowej &#8211; zapraszamy do wype\u0142nienia formularza. Na wasze zg\u0142oszenia czekamy do 1 czerwca.<!--more--><\/p>\n<p><a class=\"button\" style=\"background: #03a9f4\" href=\"http:\/\/bit.ly\/prelegenciwcgdynia\" target=\"_blank\">Zg\u0142o\u015b prelekcj\u0119<\/a><\/p>\n<p>Jak wiecie, tematem przewodnim tegorocznego <strong>WordCampa<\/strong> jest <strong>#kreatywno\u015b\u0107<\/strong>. Zg\u0142aszane przez was propozycje mog\u0105 jednak obejmowa\u0107 tematyk\u0119 wykraczaj\u0105c\u0105 poza ten obszar. Czekamy na zg\u0142oszenia prelekcji, kt\u00f3re pasuj\u0105 do jednej z czterech \u015bcie\u017cek:<\/p>\n<h2>Open\/case studies<\/h2>\n<ul>\n<li>Jak zaanga\u017cowa\u0107 si\u0119 w spo\u0142eczno\u015b\u0107 WordPressa<\/li>\n<li>Jak zacz\u0105\u0107 pracowa\u0107 dla klient\u00f3w zagranicznych<\/li>\n<li>Case study: du\u017ce projekty na WP<\/li>\n<li>Case study: projekt na WP dla instytucji kulturalnej<\/li>\n<li>Case study: sprzeda\u017c za pomoc\u0105 WP<\/li>\n<li>Case study: projekt dla korporacji &#8211; jak si\u0119 pracuje z du\u017cymi firmami<\/li>\n<\/ul>\n<h2>Design<\/h2>\n<ul>\n<li>Wyb\u00f3r typografii do projekt\u00f3w webowych<\/li>\n<li>Projektowanie mobile-first<\/li>\n<li>Jak zacz\u0105\u0107 projektowa\u0107 motywy WP<\/li>\n<li>Trendy w projektowaniu webowym<\/li>\n<li>Prototypowanie za pomoc\u0105 WP<\/li>\n<li>Jak zaprojektowa\u0107 szablon do newslettera (np. dla MailPoet)<\/li>\n<\/ul>\n<h2>Developer<\/h2>\n<ul>\n<li>Narz\u0119dzia, kt\u00f3re pomagaj\u0105 pracowa\u0107 szybciej, lepiej, efektywniej i zach\u0119caj\u0105 do odkrywania nowych terytori\u00f3w<\/li>\n<li>Innowacyjne zastosowania WP-API<\/li>\n<li>Du\u017ce, innowacyjne projekty na WordPressie<\/li>\n<li>Zarz\u0105dzanie zespo\u0142em WP developer\u00f3w<\/li>\n<li>Por\u00f3wnanie framework\u00f3w (np. Canvas, Genesis) z motywami bazowymi (np. Underscores)<\/li>\n<li>Przyspieszanie WordPressa<\/li>\n<li>Bezpiecze\u0144stwo WordPressa<\/li>\n<\/ul>\n<h2>User<\/h2>\n<ul>\n<li>Kreatywne podej\u015bcie do analityki webowej \ud83d\ude42<\/li>\n<li>Tworzenie i optymalizacja landing page\u2019y<\/li>\n<li>Jak za\u0142o\u017cy\u0107 bloga i zdoby\u0107 pierwszych czytelnik\u00f3w<\/li>\n<li>Jak efektywnie wykorzysta\u0107 social media do promocji bloga<\/li>\n<li>Strategie SEO do promocji bloga<\/li>\n<\/ul>\n<p>Je\u015bli chcesz przedyskutowa\u0107 sw\u00f3j pomys\u0142 na prelekcj\u0119, napisz do nas na <a href=\"mailto:wcgdynia@gmail.com\">wcgdynia@gmail.com<\/a>.<\/p>\n<p><em>(Fot. <a href=\"http:\/\/www.rownanek.art.pl\/\" target=\"_blank\">Wojtek R\u00f3wnanek<\/a>)<\/em><\/p>\n<p>&nbsp;<\/p>\n","protected":false},"excerpt":{"rendered":"<p>Morza szum, ptak\u00f3w \u015bpiew&#8230; ale przede wszystkim najciekawsze prezentacje i prelekcje &#8211; to znajdziecie na WordCamp Gdynia 2016! Niniejszym otwieramy nab\u00f3r na prelegent\u00f3w i prelegentki si\u00f3dmego polskiego WordCampa. Je\u015bli znasz si\u0119 na WordPressie i chcia\u0142by\u015b\/chcia\u0142aby\u015b podzieli\u0107 si\u0119 swoj\u0105 wiedz\u0105 i do\u015bwiadczeniem podczas najwi\u0119kszej polskiej konferencji wordpressowej &#8211; zapraszamy do wype\u0142nienia formularza. Na wasze zg\u0142oszenia czekamy &hellip; <a href=\"https:\/\/gdynia.wordcamp.org\/2016\/otwieramy-nabor-na-prelegentow\/\" class=\"more-link\">Czytaj dalej <span class=\"screen-reader-text\">To nie \u017cart! Otwieramy nab\u00f3r na prelegent\u00f3w<\/span> <span class=\"meta-nav\">&rarr;<\/span><\/a><\/p>\n","protected":false},"author":13803854,"featured_media":618,"comment_status":"open","ping_status":"open","sticky":false,"template":"","format":"standard","meta":{"_crdt_document":"","jetpack_post_was_ever_published":false,"_jetpack_newsletter_access":"","_jetpack_dont_email_post_to_subs":false,"_jetpack_newsletter_tier_id":0,"_jetpack_memberships_contains_paywalled_content":false,"_jetpack_memberships_contains_paid_content":false,"footnotes":""},"categories":[1],"tags":[487760,777846,350433,25,14],"class_list":["post-5","post","type-post","status-publish","format-standard","has-post-thumbnail","hentry","category-uncategorized","tag-gdynia","tag-konferencja","tag-prelegenci","tag-wordcamp","tag-wordpress"],"jetpack_featured_media_url":"https:\/\/gdynia.wordcamp.org\/2016\/files\/2016\/04\/MG_1225.jpg","jetpack_sharing_enabled":true,"jetpack_shortlink":"https:\/\/wp.me\/p763Fe-5","_links":{"self":[{"href":"https:\/\/gdynia.wordcamp.org\/2016\/wp-json\/wp\/v2\/posts\/5","targetHints":{"allow":["GET"]}}],"collection":[{"href":"https:\/\/gdynia.wordcamp.org\/2016\/wp-json\/wp\/v2\/posts"}],"about":[{"href":"https:\/\/gdynia.wordcamp.org\/2016\/wp-json\/wp\/v2\/types\/post"}],"author":[{"embeddable":true,"href":"https:\/\/gdynia.wordcamp.org\/2016\/wp-json\/wp\/v2\/users\/13803854"}],"replies":[{"embeddable":true,"href":"https:\/\/gdynia.wordcamp.org\/2016\/wp-json\/wp\/v2\/comments?post=5"}],"version-history":[{"count":11,"href":"https:\/\/gdynia.wordcamp.org\/2016\/wp-json\/wp\/v2\/posts\/5\/revisions"}],"predecessor-version":[{"id":754,"href":"https:\/\/gdynia.wordcamp.org\/2016\/wp-json\/wp\/v2\/posts\/5\/revisions\/754"}],"wp:featuredmedia":[{"embeddable":true,"href":"https:\/\/gdynia.wordcamp.org\/2016\/wp-json\/wp\/v2\/media\/618"}],"wp:attachment":[{"href":"https:\/\/gdynia.wordcamp.org\/2016\/wp-json\/wp\/v2\/media?parent=5"}],"wp:term":[{"taxonomy":"category","embeddable":true,"href":"https:\/\/gdynia.wordcamp.org\/2016\/wp-json\/wp\/v2\/categories?post=5"},{"taxonomy":"post_tag","embeddable":true,"href":"https:\/\/gdynia.wordcamp.org\/2016\/wp-json\/wp\/v2\/tags?post=5"}],"curies":[{"name":"wp","href":"https:\/\/api.w.org\/{rel}","templated":true}]}}