{"id":696,"date":"2016-04-15T07:44:25","date_gmt":"2016-04-15T07:44:25","guid":{"rendered":"https:\/\/2016.gdynia.wordcamp.org\/?p=696"},"modified":"2016-05-09T07:15:09","modified_gmt":"2016-05-09T07:15:09","slug":"przedstawiamy-naszych-patronow-medialnych","status":"publish","type":"post","link":"https:\/\/gdynia.wordcamp.org\/2016\/przedstawiamy-naszych-patronow-medialnych\/","title":{"rendered":"Przedstawiamy naszych patron\u00f3w medialnych!"},"content":{"rendered":"<p>By\u0142o o prelegentach, sponsorach&#8230; czas wspomnie\u0107 s\u0142owem o naszych patronach medialnych. Patroni wspieraj\u0105 organizacj\u0119 WordCampa, ale nie tylko za to nale\u017cy im si\u0119 wzmianka na naszej stronie. Wszystkim nam przy\u015bwieca ta sama idea &#8211; edukacja, promocja WordPressa i tworzenie spo\u0142eczno\u015bci pasjonat\u00f3w nowoczesnych technologii. Dzi\u0119kujemy, \u017ce jeste\u015bcie z nami!<br \/>\nPS Kolejno\u015b\u0107 alfabetyczna \ud83d\ude42<!--more--><\/p>\n<p><img loading=\"lazy\" decoding=\"async\" data-attachment-id=\"716\" data-permalink=\"https:\/\/gdynia.wordcamp.org\/2016\/przedstawiamy-naszych-patronow-medialnych\/daily\/\" data-orig-file=\"https:\/\/gdynia.wordcamp.org\/2016\/files\/2016\/04\/daily.jpg\" data-orig-size=\"400,400\" data-comments-opened=\"1\" data-image-meta=\"{&quot;aperture&quot;:&quot;0&quot;,&quot;credit&quot;:&quot;&quot;,&quot;camera&quot;:&quot;&quot;,&quot;caption&quot;:&quot;&quot;,&quot;created_timestamp&quot;:&quot;0&quot;,&quot;copyright&quot;:&quot;&quot;,&quot;focal_length&quot;:&quot;0&quot;,&quot;iso&quot;:&quot;0&quot;,&quot;shutter_speed&quot;:&quot;0&quot;,&quot;title&quot;:&quot;&quot;,&quot;orientation&quot;:&quot;0&quot;}\" data-image-title=\"daily\" data-image-description=\"\" data-image-caption=\"\" data-large-file=\"https:\/\/gdynia.wordcamp.org\/2016\/files\/2016\/04\/daily.jpg\" class=\"alignleft wp-image-716 size-thumbnail\" src=\"https:\/\/2016.gdynia.wordcamp.org\/files\/2016\/04\/daily-150x150.jpg\" alt=\"logo dailyweb\" width=\"150\" height=\"150\" srcset=\"https:\/\/gdynia.wordcamp.org\/2016\/files\/2016\/04\/daily-150x150.jpg 150w, https:\/\/gdynia.wordcamp.org\/2016\/files\/2016\/04\/daily-300x300.jpg 300w, https:\/\/gdynia.wordcamp.org\/2016\/files\/2016\/04\/daily.jpg 400w\" sizes=\"auto, (max-width: 150px) 100vw, 150px\" \/><\/p>\n<p><strong>DailyWeb<\/strong>. Od niedawna maj\u0105 nowe, wypasione logo. Na swoim <a href=\"https:\/\/www.facebook.com\/dailyweb\/info\/?tab=page_info\">fanpage&#8217;u na Facebooku<\/a> pisz\u0105 o sobie: Blog pasjonat\u00f3w technologii WWW. WordPress, szablony, skrypty i inne webowe cuda. Na DailyWeb przeczytacie o \u015bwiecie designu, szeroko poj\u0119tym UX, zdarza si\u0119 o domenach i oczywi\u015bcie o WordPressie. Redakcja \u015bledzi wszystkie Geekowe gad\u017cety, bo \u015bwiat technologii to ich \u015bwiat.<br \/>\n<a href=\"http:\/\/dailyweb.pl\/\">dailyweb.pl<\/a><\/p>\n<p>&nbsp;<\/p>\n<p><img loading=\"lazy\" decoding=\"async\" data-attachment-id=\"719\" data-permalink=\"https:\/\/gdynia.wordcamp.org\/2016\/przedstawiamy-naszych-patronow-medialnych\/spotkaniait_logorgb_color_trans-2\/\" data-orig-file=\"https:\/\/gdynia.wordcamp.org\/2016\/files\/2016\/04\/spotkaniaIT_logoRGB_color_trans-1.png\" data-orig-size=\"528,153\" data-comments-opened=\"1\" data-image-meta=\"{&quot;aperture&quot;:&quot;0&quot;,&quot;credit&quot;:&quot;&quot;,&quot;camera&quot;:&quot;&quot;,&quot;caption&quot;:&quot;&quot;,&quot;created_timestamp&quot;:&quot;0&quot;,&quot;copyright&quot;:&quot;&quot;,&quot;focal_length&quot;:&quot;0&quot;,&quot;iso&quot;:&quot;0&quot;,&quot;shutter_speed&quot;:&quot;0&quot;,&quot;title&quot;:&quot;&quot;,&quot;orientation&quot;:&quot;0&quot;}\" data-image-title=\"spotkaniaIT_logoRGB_color_trans\" data-image-description=\"\" data-image-caption=\"\" data-large-file=\"https:\/\/gdynia.wordcamp.org\/2016\/files\/2016\/04\/spotkaniaIT_logoRGB_color_trans-1.png\" class=\"size-medium wp-image-719 alignleft\" src=\"https:\/\/2016.gdynia.wordcamp.org\/files\/2016\/04\/spotkaniaIT_logoRGB_color_trans-1-300x87.png\" alt=\"spotkania it logo\" width=\"300\" height=\"87\" srcset=\"https:\/\/gdynia.wordcamp.org\/2016\/files\/2016\/04\/spotkaniaIT_logoRGB_color_trans-1-300x87.png 300w, https:\/\/gdynia.wordcamp.org\/2016\/files\/2016\/04\/spotkaniaIT_logoRGB_color_trans-1-500x145.png 500w, https:\/\/gdynia.wordcamp.org\/2016\/files\/2016\/04\/spotkaniaIT_logoRGB_color_trans-1.png 528w\" sizes=\"auto, (max-width: 300px) 100vw, 300px\" \/><strong>Spotkania-it.pl<\/strong> to portal, na kt\u00f3rym znajdziecie nie tylko aktualny kalendarz bran\u017cowych konferencji, hackathon\u00f3w i warsztat\u00f3w, ale r\u00f3wnie\u017c najciekawsze relacje i zdj\u0119cia z minionych event\u00f3w. Polubcie ich <a href=\"https:\/\/www.facebook.com\/SpotkaniaIT\/\">profil na FB<\/a>, \u017ceby nie przeoczy\u0107 \u017cadnych ciekawych wydarze\u0144!<br \/>\n<a href=\"http:\/\/spotkania-it.pl\/\">spotkania-it.pl<\/a><\/p>\n<p><img loading=\"lazy\" decoding=\"async\" data-attachment-id=\"463\" data-permalink=\"https:\/\/gdynia.wordcamp.org\/2016\/przedstawiamy-naszych-patronow-medialnych\/wpart\/\" data-orig-file=\"https:\/\/gdynia.wordcamp.org\/2016\/files\/2016\/03\/wpart.png\" data-orig-size=\"522,184\" data-comments-opened=\"1\" data-image-meta=\"{&quot;aperture&quot;:&quot;0&quot;,&quot;credit&quot;:&quot;&quot;,&quot;camera&quot;:&quot;&quot;,&quot;caption&quot;:&quot;&quot;,&quot;created_timestamp&quot;:&quot;0&quot;,&quot;copyright&quot;:&quot;&quot;,&quot;focal_length&quot;:&quot;0&quot;,&quot;iso&quot;:&quot;0&quot;,&quot;shutter_speed&quot;:&quot;0&quot;,&quot;title&quot;:&quot;&quot;,&quot;orientation&quot;:&quot;0&quot;}\" data-image-title=\"wpart\" data-image-description=\"\" data-image-caption=\"\" data-large-file=\"https:\/\/gdynia.wordcamp.org\/2016\/files\/2016\/03\/wpart.png\" class=\"size-medium wp-image-463 alignleft\" src=\"https:\/\/2016.gdynia.wordcamp.org\/files\/2016\/03\/wpart-300x106.png\" alt=\"wp art logo\" width=\"300\" height=\"106\" srcset=\"https:\/\/gdynia.wordcamp.org\/2016\/files\/2016\/03\/wpart-300x106.png 300w, https:\/\/gdynia.wordcamp.org\/2016\/files\/2016\/03\/wpart-500x176.png 500w, https:\/\/gdynia.wordcamp.org\/2016\/files\/2016\/03\/wpart.png 522w\" sizes=\"auto, (max-width: 300px) 100vw, 300px\" \/><strong>WPart<\/strong> to blog o SEO, optymalizacji i wtyczkach WordPress. Kr\u00f3tko: Sztuka WordPress. Na WPart przeczytacie o wtyczkach i motywach, pozycjonowaniu, optymalizacji. Dowiecie si\u0119 te\u017c jak prowadzi\u0107 dobrego bloga i zaistnie\u0107 w <a href=\"https:\/\/www.facebook.com\/wpartpl\/info\/?tab=page_info\">mediach spo\u0142eczno\u015bciowych<\/a>.<br \/>\n<a href=\"https:\/\/www.wpart.pl\/\">www.wpart.pl<\/a><\/p>\n<p>&nbsp;<\/p>\n<p><img loading=\"lazy\" decoding=\"async\" data-attachment-id=\"724\" data-permalink=\"https:\/\/gdynia.wordcamp.org\/2016\/przedstawiamy-naszych-patronow-medialnych\/wpzen\/\" data-orig-file=\"https:\/\/gdynia.wordcamp.org\/2016\/files\/2016\/04\/wpzen.png\" data-orig-size=\"850,850\" data-comments-opened=\"1\" data-image-meta=\"{&quot;aperture&quot;:&quot;0&quot;,&quot;credit&quot;:&quot;&quot;,&quot;camera&quot;:&quot;&quot;,&quot;caption&quot;:&quot;&quot;,&quot;created_timestamp&quot;:&quot;0&quot;,&quot;copyright&quot;:&quot;&quot;,&quot;focal_length&quot;:&quot;0&quot;,&quot;iso&quot;:&quot;0&quot;,&quot;shutter_speed&quot;:&quot;0&quot;,&quot;title&quot;:&quot;&quot;,&quot;orientation&quot;:&quot;0&quot;}\" data-image-title=\"wpzen\" data-image-description=\"\" data-image-caption=\"\" data-large-file=\"https:\/\/gdynia.wordcamp.org\/2016\/files\/2016\/04\/wpzen.png\" class=\"alignleft wp-image-724 size-thumbnail\" src=\"https:\/\/2016.gdynia.wordcamp.org\/files\/2016\/04\/wpzen-150x150.png\" alt=\"wp zen logo\" width=\"150\" height=\"150\" srcset=\"https:\/\/gdynia.wordcamp.org\/2016\/files\/2016\/04\/wpzen-150x150.png 150w, https:\/\/gdynia.wordcamp.org\/2016\/files\/2016\/04\/wpzen-300x300.png 300w, https:\/\/gdynia.wordcamp.org\/2016\/files\/2016\/04\/wpzen-768x768.png 768w, https:\/\/gdynia.wordcamp.org\/2016\/files\/2016\/04\/wpzen.png 850w\" sizes=\"auto, (max-width: 150px) 100vw, 150px\" \/>Praktyczne porady dotycz\u0105ce korzystania z WordPressa, darmowe szablony, ciekawe wtyczki.\u00a0Blog <strong>WPzen<\/strong> jest skierowany do\u00a0pocz\u0105tkuj\u0105cych i\u00a0\u015brednio zaawansowanych u\u017cytkownik\u00f3w WordPressa \u2013 takich, kt\u00f3rzy\u00a0chc\u0105 z\u00a0niego wycisn\u0105\u0107 jak najwi\u0119cej, ale\u00a0bez konieczno\u015bci zg\u0142\u0119biania tajnik\u00f3w programowania i\u00a0innych ma\u0142o przyst\u0119pnych rzeczy. Zamiast publikowa\u0107 kawa\u0142ki niezrozumia\u0142ego kodu do\u00a0wklejenia, wol\u0119 prezentowa\u0107 proste w\u00a0u\u017cyciu, gotowe rozwi\u0105zania, kt\u00f3re po\u00a0prostu dzia\u0142aj\u0105. Zajrzyjcie na <a href=\"https:\/\/www.facebook.com\/WPzen\/info\/?tab=page_info\">profil WPzen na Facebook&#8217;u<\/a>!<br \/>\n<a href=\"https:\/\/wpzen.pl\/\">wpzen.pl <\/a><\/p>\n<p>&nbsp;<\/p>\n<p>&nbsp;<\/p>\n","protected":false},"excerpt":{"rendered":"<p>By\u0142o o prelegentach, sponsorach&#8230; czas wspomnie\u0107 s\u0142owem o naszych patronach medialnych. Patroni wspieraj\u0105 organizacj\u0119 WordCampa, ale nie tylko za to nale\u017cy im si\u0119 wzmianka na naszej stronie. Wszystkim nam przy\u015bwieca ta sama idea &#8211; edukacja, promocja WordPressa i tworzenie spo\u0142eczno\u015bci pasjonat\u00f3w nowoczesnych technologii. Dzi\u0119kujemy, \u017ce jeste\u015bcie z nami! PS Kolejno\u015b\u0107 alfabetyczna \ud83d\ude42<\/p>\n","protected":false},"author":13803854,"featured_media":718,"comment_status":"open","ping_status":"open","sticky":false,"template":"","format":"standard","meta":{"_crdt_document":"","jetpack_post_was_ever_published":false,"_jetpack_newsletter_access":"","_jetpack_dont_email_post_to_subs":false,"_jetpack_newsletter_tier_id":0,"_jetpack_memberships_contains_paywalled_content":false,"_jetpack_memberships_contains_paid_content":false,"footnotes":""},"categories":[1],"tags":[795372,487760,795547,25,14,795226,794997],"class_list":["post-696","post","type-post","status-publish","format-standard","has-post-thumbnail","hentry","category-uncategorized","tag-dailyweb","tag-gdynia","tag-spotkaniait","tag-wordcamp","tag-wordpress","tag-wpart","tag-wpzen"],"jetpack_featured_media_url":"https:\/\/gdynia.wordcamp.org\/2016\/files\/2016\/04\/man-coffee-cup-pen.jpg","jetpack_sharing_enabled":true,"jetpack_shortlink":"https:\/\/wp.me\/p763Fe-be","_links":{"self":[{"href":"https:\/\/gdynia.wordcamp.org\/2016\/wp-json\/wp\/v2\/posts\/696","targetHints":{"allow":["GET"]}}],"collection":[{"href":"https:\/\/gdynia.wordcamp.org\/2016\/wp-json\/wp\/v2\/posts"}],"about":[{"href":"https:\/\/gdynia.wordcamp.org\/2016\/wp-json\/wp\/v2\/types\/post"}],"author":[{"embeddable":true,"href":"https:\/\/gdynia.wordcamp.org\/2016\/wp-json\/wp\/v2\/users\/13803854"}],"replies":[{"embeddable":true,"href":"https:\/\/gdynia.wordcamp.org\/2016\/wp-json\/wp\/v2\/comments?post=696"}],"version-history":[{"count":14,"href":"https:\/\/gdynia.wordcamp.org\/2016\/wp-json\/wp\/v2\/posts\/696\/revisions"}],"predecessor-version":[{"id":830,"href":"https:\/\/gdynia.wordcamp.org\/2016\/wp-json\/wp\/v2\/posts\/696\/revisions\/830"}],"wp:featuredmedia":[{"embeddable":true,"href":"https:\/\/gdynia.wordcamp.org\/2016\/wp-json\/wp\/v2\/media\/718"}],"wp:attachment":[{"href":"https:\/\/gdynia.wordcamp.org\/2016\/wp-json\/wp\/v2\/media?parent=696"}],"wp:term":[{"taxonomy":"category","embeddable":true,"href":"https:\/\/gdynia.wordcamp.org\/2016\/wp-json\/wp\/v2\/categories?post=696"},{"taxonomy":"post_tag","embeddable":true,"href":"https:\/\/gdynia.wordcamp.org\/2016\/wp-json\/wp\/v2\/tags?post=696"}],"curies":[{"name":"wp","href":"https:\/\/api.w.org\/{rel}","templated":true}]}}