{"id":773,"date":"2016-05-09T15:50:28","date_gmt":"2016-05-09T15:50:28","guid":{"rendered":"https:\/\/2016.gdynia.wordcamp.org\/?p=773"},"modified":"2016-05-12T04:55:35","modified_gmt":"2016-05-12T04:55:35","slug":"dziewczyny-zglaszajcie-sie-i-przemowcie","status":"publish","type":"post","link":"https:\/\/gdynia.wordcamp.org\/2016\/dziewczyny-zglaszajcie-sie-i-przemowcie\/","title":{"rendered":"Dziewczyny! Zg\u0142aszajcie si\u0119 i przem\u00f3wcie&#8230;"},"content":{"rendered":"<p>Mimo \u017ce zgodnie ze stereotypami to dziewczyny wi\u0119cej m\u00f3wi\u0105, na dotychczasowych polskich WordCampach zauwa\u017calna by\u0142a przewaga liczebna m\u0119skich prelekcji. W 2013 roku we Wroc\u0142awiu w\u015br\u00f3d 16 prelegent\u00f3w by\u0142y 3 dziewczyny, w 2014 w Warszawie w\u015br\u00f3d 31 m\u00f3wc\u00f3w dziewczyn by\u0142o 5, a w Krakowie w 2015 roku w\u015br\u00f3d 36 prelegent\u00f3w dziewczyn by\u0142o 7.<\/p>\n<p>Oznacza to, \u017ce cho\u0107 rokrocznie wzrasta liczba wyst\u0119puj\u0105cych, liczba dziewczyn niemal stoi w miejscu. A przecie\u017c wiele z nas ma co\u015b do powiedzenia o WordPressie, prawda? Dziewczyny &#8211; przybywajcie t\u0142umnie i opowiedzcie o swoich do\u015bwiadczeniach z dzia\u0142aniami na WordPressie!<\/p>\n<p><a class=\"button\" style=\"background: #03a9f4\" href=\"http:\/\/bit.ly\/prelegenciwcgdynia\" target=\"_blank\">Zosta\u0144 prelegentk\u0105 WordCamp Gdynia!<\/a><\/p>\n<p>M\u00f3wi\u0107 jest o czym&#8230; Inspiracj\u0105 do poszukiwania w\u0142asnego tematu mog\u0105 by\u0107 prelekcje wyg\u0142oszone podczas ubieg\u0142orocznej konferencji&#8230;<\/p>\n<p>Mo\u017cna, tak jak <strong>Aleksandra \u0141\u0105czek<\/strong>, kt\u00f3ra w zesz\u0142ym roku opowiedzia\u0142a o tym, jak tworzy\u0107 motywy z Underscores (_s ), przekaza\u0107 swoje do\u015bwiadczenia w zakresie rozwi\u0105zywania zagadnie\u0144 technicznych. Mo\u017cna te\u017c &#8211; jak <strong>Ewa Karaszkiewicz<\/strong>, m\u00f3wi\u0105ca w 2015 roku o tym, kiedy warto dostosowa\u0107 blog do wy\u015bwietlania na smartfonach i \u00a0jak <strong>Weronika Sob\u00f3tka,<\/strong> przybli\u017caj\u0105ca zagadnienie dost\u0119pno\u015bci sieci dla os\u00f3b niewidomych &#8211; stworzy\u0107 prezentacj\u0119 o przystosowywaniu tre\u015bci stron internetowych do potrzeb wsp\u00f3\u0142czesnego, wci\u0105\u017c rozwijaj\u0105cego si\u0119\u00a0spo\u0142ecze\u0144stwa.<\/p>\n<p>Na pewno dobrym pomys\u0142em mo\u017ce by\u0107 r\u00f3wnie\u017c poruszenie zagadnie\u0144 zwi\u0105zanych stricte z prac\u0105\u00a0&#8211; tak, jak <strong>Izabela Karkocha<\/strong>, kt\u00f3ra w Krakowie da\u0142a nam kilka dobrych wskaz\u00f3wek pomocnych przy pracy freelancerskiej lub jak <strong>Kel Santiago<\/strong>, kt\u00f3ra wskaza\u0142a aspekty pracy z WordPressem, kt\u00f3re mog\u0105 by\u0107 przydatne w dzia\u0142alno\u015bci biznesowej.<\/p>\n<p>Innym pomys\u0142em jest przedstawienie kwestii porozumienia mi\u0119dzy tw\u00f3rcami\u00a0stron internetowych a klientami. W zesz\u0142ym roku taki temat pos\u0142u\u017cy\u0142 za prezentacj\u0119 <strong>Kasi Janoskiej<\/strong>, kt\u00f3ra przedstawi\u0142a s\u0142owniczek kodersko-polski oraz <strong>Kasi \u015awiderskiej<\/strong>, kt\u00f3ra opowiedzia\u0142a o tym, jakie problemy poruszaj\u0105 klienci korzystaj\u0105cy z supportu.<\/p>\n<p>Tworz\u0105c w\u0142asn\u0105 prezentacj\u0119 mo\u017cna tak\u017ce przemy\u015ble\u0107 tematyk\u0119 przydatn\u0105 osobom korzystaj\u0105cym z WordPressa, ale nie zwi\u0105zan\u0105 \u015bci\u015ble z technologi\u0105 i wzi\u0105\u0107 przyk\u0142ad\u00a0z <strong>Karoliny Gorczycy<\/strong>, kt\u00f3ra w Krakowie poruszy\u0142a aspekty prawne i przybli\u017cy\u0142a zagadnienie przetwarzania danych osobowych, kt\u00f3re jest cz\u0119sto niezb\u0119dne, gdy pracujemy nad blogiem.<\/p>\n<p>Zakres temat\u00f3w jest tak naprawd\u0119 nieograniczony i zale\u017cy tylko od Waszej wyobra\u017ani! Je\u015bli na co dzie\u0144 lub od \u015bwi\u0119ta macie do czynienia z WordPressem, z pewno\u015bci\u0105 jeste\u015bcie w stanie przekaza\u0107 nam co\u015b ciekawego podczas WordCamp 2016 w Gdyni. Zg\u0142aszajcie si\u0119 wi\u0119c bez strachu.<\/p>\n<div class=\"tiled-gallery type-rectangular tiled-gallery-unresized\" data-original-width=\"474\" data-carousel-extra='{&quot;blog_id&quot;:625,&quot;permalink&quot;:&quot;https:\\\/\\\/gdynia.wordcamp.org\\\/2016\\\/dziewczyny-zglaszajcie-sie-i-przemowcie\\\/&quot;,&quot;likes_blog_id&quot;:104878408}' itemscope itemtype=\"http:\/\/schema.org\/ImageGallery\" > <div class=\"gallery-row\" style=\"width: 474px; height: 212px;\" data-original-width=\"474\" data-original-height=\"212\" > <div class=\"gallery-group images-1\" style=\"width: 317px; height: 212px;\" data-original-width=\"317\" data-original-height=\"212\" > <div class=\"tiled-gallery-item tiled-gallery-item-large\" itemprop=\"associatedMedia\" itemscope itemtype=\"http:\/\/schema.org\/ImageObject\"> <a href=\"https:\/\/gdynia.wordcamp.org\/2016\/dziewczyny-zglaszajcie-sie-i-przemowcie\/_mg_1847\/\" border=\"0\" itemprop=\"url\"> <meta itemprop=\"width\" content=\"313\"> <meta itemprop=\"height\" content=\"208\"> <img decoding=\"async\" class=\"\" data-attachment-id=\"774\" data-orig-file=\"https:\/\/gdynia.wordcamp.org\/2016\/files\/2016\/04\/MG_1847.jpg\" data-orig-size=\"1500,1000\" data-comments-opened=\"1\" data-image-meta=\"{&quot;aperture&quot;:&quot;0&quot;,&quot;credit&quot;:&quot;1&quot;,&quot;camera&quot;:&quot;&quot;,&quot;caption&quot;:&quot;&quot;,&quot;created_timestamp&quot;:&quot;0&quot;,&quot;copyright&quot;:&quot;&quot;,&quot;focal_length&quot;:&quot;0&quot;,&quot;iso&quot;:&quot;0&quot;,&quot;shutter_speed&quot;:&quot;0&quot;,&quot;title&quot;:&quot;&quot;,&quot;orientation&quot;:&quot;0&quot;}\" data-image-title=\"dziewczyny na wordcampie\" data-image-description=\"\" data-medium-file=\"https:\/\/gdynia.wordcamp.org\/2016\/files\/2016\/04\/MG_1847-300x200.jpg\" data-large-file=\"https:\/\/gdynia.wordcamp.org\/2016\/files\/2016\/04\/MG_1847-1024x683.jpg\" src=\"https:\/\/i0.wp.com\/gdynia.wordcamp.org\/2016\/files\/2016\/04\/MG_1847.jpg?w=313&#038;h=208&#038;ssl=1\" srcset=\"https:\/\/gdynia.wordcamp.org\/2016\/files\/2016\/04\/MG_1847.jpg 1500w, https:\/\/gdynia.wordcamp.org\/2016\/files\/2016\/04\/MG_1847-300x200.jpg 300w, https:\/\/gdynia.wordcamp.org\/2016\/files\/2016\/04\/MG_1847-768x512.jpg 768w, https:\/\/gdynia.wordcamp.org\/2016\/files\/2016\/04\/MG_1847-1024x683.jpg 1024w, https:\/\/gdynia.wordcamp.org\/2016\/files\/2016\/04\/MG_1847-450x300.jpg 450w\" width=\"313\" height=\"208\" loading=\"lazy\" data-original-width=\"313\" data-original-height=\"208\" itemprop=\"http:\/\/schema.org\/image\" title=\"dziewczyny na wordcampie\" alt=\"dziewczyny na wordcampie\" style=\"width: 313px; height: 208px;\" \/> <\/a> <\/div> <\/div> <!-- close group --> <div class=\"gallery-group images-2\" style=\"width: 157px; height: 212px;\" data-original-width=\"157\" data-original-height=\"212\" > <div class=\"tiled-gallery-item tiled-gallery-item-small\" itemprop=\"associatedMedia\" itemscope itemtype=\"http:\/\/schema.org\/ImageObject\"> <a href=\"https:\/\/gdynia.wordcamp.org\/2016\/dziewczyny-zglaszajcie-sie-i-przemowcie\/_mg_1758-2\/\" border=\"0\" itemprop=\"url\"> <meta itemprop=\"width\" content=\"153\"> <meta itemprop=\"height\" content=\"102\"> <img decoding=\"async\" class=\"\" data-attachment-id=\"775\" data-orig-file=\"https:\/\/gdynia.wordcamp.org\/2016\/files\/2016\/04\/MG_1758-1.jpg\" data-orig-size=\"1500,1000\" data-comments-opened=\"1\" data-image-meta=\"{&quot;aperture&quot;:&quot;0&quot;,&quot;credit&quot;:&quot;1&quot;,&quot;camera&quot;:&quot;&quot;,&quot;caption&quot;:&quot;&quot;,&quot;created_timestamp&quot;:&quot;0&quot;,&quot;copyright&quot;:&quot;&quot;,&quot;focal_length&quot;:&quot;0&quot;,&quot;iso&quot;:&quot;0&quot;,&quot;shutter_speed&quot;:&quot;0&quot;,&quot;title&quot;:&quot;&quot;,&quot;orientation&quot;:&quot;0&quot;}\" data-image-title=\"Katarzyna Janoska &amp;#8211; WordCamp Krak\u00f3w 2015\" data-image-description=\"\" data-medium-file=\"https:\/\/gdynia.wordcamp.org\/2016\/files\/2016\/04\/MG_1758-1-300x200.jpg\" data-large-file=\"https:\/\/gdynia.wordcamp.org\/2016\/files\/2016\/04\/MG_1758-1-1024x683.jpg\" src=\"https:\/\/i0.wp.com\/gdynia.wordcamp.org\/2016\/files\/2016\/04\/MG_1758-1.jpg?w=153&#038;h=102&#038;ssl=1\" srcset=\"https:\/\/gdynia.wordcamp.org\/2016\/files\/2016\/04\/MG_1758-1.jpg 1500w, https:\/\/gdynia.wordcamp.org\/2016\/files\/2016\/04\/MG_1758-1-300x200.jpg 300w, https:\/\/gdynia.wordcamp.org\/2016\/files\/2016\/04\/MG_1758-1-768x512.jpg 768w, https:\/\/gdynia.wordcamp.org\/2016\/files\/2016\/04\/MG_1758-1-1024x683.jpg 1024w, https:\/\/gdynia.wordcamp.org\/2016\/files\/2016\/04\/MG_1758-1-450x300.jpg 450w\" width=\"153\" height=\"102\" loading=\"lazy\" data-original-width=\"153\" data-original-height=\"102\" itemprop=\"http:\/\/schema.org\/image\" title=\"Katarzyna Janoska - WordCamp Krak\u00f3w 2015\" alt=\"Katarzyna Janoska - WordCamp Krak\u00f3w 2015\" style=\"width: 153px; height: 102px;\" \/> <\/a> <\/div> <div class=\"tiled-gallery-item tiled-gallery-item-small\" itemprop=\"associatedMedia\" itemscope itemtype=\"http:\/\/schema.org\/ImageObject\"> <a href=\"https:\/\/gdynia.wordcamp.org\/2016\/dziewczyny-zglaszajcie-sie-i-przemowcie\/_mg_1733\/\" border=\"0\" itemprop=\"url\"> <meta itemprop=\"width\" content=\"153\"> <meta itemprop=\"height\" content=\"102\"> <img decoding=\"async\" class=\"\" data-attachment-id=\"776\" data-orig-file=\"https:\/\/gdynia.wordcamp.org\/2016\/files\/2016\/04\/MG_1733.jpg\" data-orig-size=\"1500,1000\" data-comments-opened=\"1\" data-image-meta=\"{&quot;aperture&quot;:&quot;0&quot;,&quot;credit&quot;:&quot;1&quot;,&quot;camera&quot;:&quot;&quot;,&quot;caption&quot;:&quot;&quot;,&quot;created_timestamp&quot;:&quot;0&quot;,&quot;copyright&quot;:&quot;&quot;,&quot;focal_length&quot;:&quot;0&quot;,&quot;iso&quot;:&quot;0&quot;,&quot;shutter_speed&quot;:&quot;0&quot;,&quot;title&quot;:&quot;&quot;,&quot;orientation&quot;:&quot;0&quot;}\" data-image-title=\"Ekipa &amp;#8211; WordCamp Krak\u00f3w 2015\" data-image-description=\"\" data-medium-file=\"https:\/\/gdynia.wordcamp.org\/2016\/files\/2016\/04\/MG_1733-300x200.jpg\" data-large-file=\"https:\/\/gdynia.wordcamp.org\/2016\/files\/2016\/04\/MG_1733-1024x683.jpg\" src=\"https:\/\/i0.wp.com\/gdynia.wordcamp.org\/2016\/files\/2016\/04\/MG_1733.jpg?w=153&#038;h=102&#038;ssl=1\" srcset=\"https:\/\/gdynia.wordcamp.org\/2016\/files\/2016\/04\/MG_1733.jpg 1500w, https:\/\/gdynia.wordcamp.org\/2016\/files\/2016\/04\/MG_1733-300x200.jpg 300w, https:\/\/gdynia.wordcamp.org\/2016\/files\/2016\/04\/MG_1733-768x512.jpg 768w, https:\/\/gdynia.wordcamp.org\/2016\/files\/2016\/04\/MG_1733-1024x683.jpg 1024w, https:\/\/gdynia.wordcamp.org\/2016\/files\/2016\/04\/MG_1733-450x300.jpg 450w\" width=\"153\" height=\"102\" loading=\"lazy\" data-original-width=\"153\" data-original-height=\"102\" itemprop=\"http:\/\/schema.org\/image\" title=\"Ekipa - WordCamp Krak\u00f3w 2015\" alt=\"Ekipa - WordCamp Krak\u00f3w 2015\" style=\"width: 153px; height: 102px;\" \/> <\/a> <\/div> <\/div> <!-- close group --> <\/div> <!-- close row --> <div class=\"gallery-row\" style=\"width: 474px; height: 219px;\" data-original-width=\"474\" data-original-height=\"219\" > <div class=\"gallery-group images-1\" style=\"width: 327px; height: 219px;\" data-original-width=\"327\" data-original-height=\"219\" > <div class=\"tiled-gallery-item tiled-gallery-item-large\" itemprop=\"associatedMedia\" itemscope itemtype=\"http:\/\/schema.org\/ImageObject\"> <a href=\"https:\/\/gdynia.wordcamp.org\/2016\/dziewczyny-zglaszajcie-sie-i-przemowcie\/_mg_1184\/\" border=\"0\" itemprop=\"url\"> <meta itemprop=\"width\" content=\"323\"> <meta itemprop=\"height\" content=\"215\"> <img decoding=\"async\" class=\"\" data-attachment-id=\"777\" data-orig-file=\"https:\/\/gdynia.wordcamp.org\/2016\/files\/2016\/04\/MG_1184.jpg\" data-orig-size=\"1500,1000\" data-comments-opened=\"1\" data-image-meta=\"{&quot;aperture&quot;:&quot;0&quot;,&quot;credit&quot;:&quot;1&quot;,&quot;camera&quot;:&quot;&quot;,&quot;caption&quot;:&quot;&quot;,&quot;created_timestamp&quot;:&quot;0&quot;,&quot;copyright&quot;:&quot;&quot;,&quot;focal_length&quot;:&quot;0&quot;,&quot;iso&quot;:&quot;0&quot;,&quot;shutter_speed&quot;:&quot;0&quot;,&quot;title&quot;:&quot;&quot;,&quot;orientation&quot;:&quot;0&quot;}\" data-image-title=\"Katarzyna Karus-Wysocka i Kel Santiago &amp;#8211; WordCamp Krak\u00f3w 2015\" data-image-description=\"\" data-medium-file=\"https:\/\/gdynia.wordcamp.org\/2016\/files\/2016\/04\/MG_1184-300x200.jpg\" data-large-file=\"https:\/\/gdynia.wordcamp.org\/2016\/files\/2016\/04\/MG_1184-1024x683.jpg\" src=\"https:\/\/i0.wp.com\/gdynia.wordcamp.org\/2016\/files\/2016\/04\/MG_1184.jpg?w=323&#038;h=215&#038;ssl=1\" srcset=\"https:\/\/gdynia.wordcamp.org\/2016\/files\/2016\/04\/MG_1184.jpg 1500w, https:\/\/gdynia.wordcamp.org\/2016\/files\/2016\/04\/MG_1184-300x200.jpg 300w, https:\/\/gdynia.wordcamp.org\/2016\/files\/2016\/04\/MG_1184-768x512.jpg 768w, https:\/\/gdynia.wordcamp.org\/2016\/files\/2016\/04\/MG_1184-1024x683.jpg 1024w, https:\/\/gdynia.wordcamp.org\/2016\/files\/2016\/04\/MG_1184-450x300.jpg 450w\" width=\"323\" height=\"215\" loading=\"lazy\" data-original-width=\"323\" data-original-height=\"215\" itemprop=\"http:\/\/schema.org\/image\" title=\"Katarzyna Karus-Wysocka i Kel Santiago - WordCamp Krak\u00f3w 2015\" alt=\"Katarzyna Karus-Wysocka i Kel Santiago - WordCamp Krak\u00f3w 2015\" style=\"width: 323px; height: 215px;\" \/> <\/a> <\/div> <\/div> <!-- close group --> <div class=\"gallery-group images-1\" style=\"width: 147px; height: 219px;\" data-original-width=\"147\" data-original-height=\"219\" > <div class=\"tiled-gallery-item tiled-gallery-item-small\" itemprop=\"associatedMedia\" itemscope itemtype=\"http:\/\/schema.org\/ImageObject\"> <a href=\"https:\/\/gdynia.wordcamp.org\/2016\/dziewczyny-zglaszajcie-sie-i-przemowcie\/_mg_1191\/\" border=\"0\" itemprop=\"url\"> <meta itemprop=\"width\" content=\"143\"> <meta itemprop=\"height\" content=\"215\"> <img decoding=\"async\" class=\"\" data-attachment-id=\"778\" data-orig-file=\"https:\/\/gdynia.wordcamp.org\/2016\/files\/2016\/04\/MG_1191.jpg\" data-orig-size=\"1000,1500\" data-comments-opened=\"1\" data-image-meta=\"{&quot;aperture&quot;:&quot;0&quot;,&quot;credit&quot;:&quot;1&quot;,&quot;camera&quot;:&quot;&quot;,&quot;caption&quot;:&quot;&quot;,&quot;created_timestamp&quot;:&quot;0&quot;,&quot;copyright&quot;:&quot;&quot;,&quot;focal_length&quot;:&quot;0&quot;,&quot;iso&quot;:&quot;0&quot;,&quot;shutter_speed&quot;:&quot;0&quot;,&quot;title&quot;:&quot;&quot;,&quot;orientation&quot;:&quot;0&quot;}\" data-image-title=\"Kel Santiago &amp;#8211; WordCamp Krak\u00f3w 2015\" data-image-description=\"\" data-medium-file=\"https:\/\/gdynia.wordcamp.org\/2016\/files\/2016\/04\/MG_1191-200x300.jpg\" data-large-file=\"https:\/\/gdynia.wordcamp.org\/2016\/files\/2016\/04\/MG_1191-683x1024.jpg\" src=\"https:\/\/i0.wp.com\/gdynia.wordcamp.org\/2016\/files\/2016\/04\/MG_1191.jpg?w=143&#038;h=215&#038;ssl=1\" srcset=\"https:\/\/gdynia.wordcamp.org\/2016\/files\/2016\/04\/MG_1191.jpg 1000w, https:\/\/gdynia.wordcamp.org\/2016\/files\/2016\/04\/MG_1191-200x300.jpg 200w, https:\/\/gdynia.wordcamp.org\/2016\/files\/2016\/04\/MG_1191-768x1152.jpg 768w, https:\/\/gdynia.wordcamp.org\/2016\/files\/2016\/04\/MG_1191-683x1024.jpg 683w\" width=\"143\" height=\"215\" loading=\"lazy\" data-original-width=\"143\" data-original-height=\"215\" itemprop=\"http:\/\/schema.org\/image\" title=\"Kel Santiago - WordCamp Krak\u00f3w 2015\" alt=\"Kel Santiago - WordCamp Krak\u00f3w 2015\" style=\"width: 143px; height: 215px;\" \/> <\/a> <\/div> <\/div> <!-- close group --> <\/div> <!-- close row --> <div class=\"gallery-row\" style=\"width: 474px; height: 135px;\" data-original-width=\"474\" data-original-height=\"135\" > <div class=\"gallery-group images-1\" style=\"width: 91px; height: 135px;\" data-original-width=\"91\" data-original-height=\"135\" > <div class=\"tiled-gallery-item tiled-gallery-item-small\" itemprop=\"associatedMedia\" itemscope itemtype=\"http:\/\/schema.org\/ImageObject\"> <a href=\"https:\/\/gdynia.wordcamp.org\/2016\/dziewczyny-zglaszajcie-sie-i-przemowcie\/_mg_1240\/\" border=\"0\" itemprop=\"url\"> <meta itemprop=\"width\" content=\"87\"> <meta itemprop=\"height\" content=\"131\"> <img decoding=\"async\" class=\"\" data-attachment-id=\"779\" data-orig-file=\"https:\/\/gdynia.wordcamp.org\/2016\/files\/2016\/04\/MG_1240.jpg\" data-orig-size=\"1000,1500\" data-comments-opened=\"1\" data-image-meta=\"{&quot;aperture&quot;:&quot;0&quot;,&quot;credit&quot;:&quot;1&quot;,&quot;camera&quot;:&quot;&quot;,&quot;caption&quot;:&quot;&quot;,&quot;created_timestamp&quot;:&quot;0&quot;,&quot;copyright&quot;:&quot;&quot;,&quot;focal_length&quot;:&quot;0&quot;,&quot;iso&quot;:&quot;0&quot;,&quot;shutter_speed&quot;:&quot;0&quot;,&quot;title&quot;:&quot;&quot;,&quot;orientation&quot;:&quot;0&quot;}\" data-image-title=\"Kel Santiago &amp;#8211; WordCamp Krak\u00f3w 2015\" data-image-description=\"\" data-medium-file=\"https:\/\/gdynia.wordcamp.org\/2016\/files\/2016\/04\/MG_1240-200x300.jpg\" data-large-file=\"https:\/\/gdynia.wordcamp.org\/2016\/files\/2016\/04\/MG_1240-683x1024.jpg\" src=\"https:\/\/i0.wp.com\/gdynia.wordcamp.org\/2016\/files\/2016\/04\/MG_1240.jpg?w=87&#038;h=131&#038;ssl=1\" srcset=\"https:\/\/gdynia.wordcamp.org\/2016\/files\/2016\/04\/MG_1240.jpg 1000w, https:\/\/gdynia.wordcamp.org\/2016\/files\/2016\/04\/MG_1240-200x300.jpg 200w, https:\/\/gdynia.wordcamp.org\/2016\/files\/2016\/04\/MG_1240-768x1152.jpg 768w, https:\/\/gdynia.wordcamp.org\/2016\/files\/2016\/04\/MG_1240-683x1024.jpg 683w\" width=\"87\" height=\"131\" loading=\"lazy\" data-original-width=\"87\" data-original-height=\"131\" itemprop=\"http:\/\/schema.org\/image\" title=\"Kel Santiago - WordCamp Krak\u00f3w 2015\" alt=\"Kel Santiago - WordCamp Krak\u00f3w 2015\" style=\"width: 87px; height: 131px;\" \/> <\/a> <\/div> <\/div> <!-- close group --> <div class=\"gallery-group images-1\" style=\"width: 201px; height: 135px;\" data-original-width=\"201\" data-original-height=\"135\" > <div class=\"tiled-gallery-item tiled-gallery-item-small\" itemprop=\"associatedMedia\" itemscope itemtype=\"http:\/\/schema.org\/ImageObject\"> <a href=\"https:\/\/gdynia.wordcamp.org\/2016\/dziewczyny-zglaszajcie-sie-i-przemowcie\/_mg_1252\/\" border=\"0\" itemprop=\"url\"> <meta itemprop=\"width\" content=\"197\"> <meta itemprop=\"height\" content=\"131\"> <img decoding=\"async\" class=\"\" data-attachment-id=\"780\" data-orig-file=\"https:\/\/gdynia.wordcamp.org\/2016\/files\/2016\/04\/MG_1252.jpg\" data-orig-size=\"1500,1000\" data-comments-opened=\"1\" data-image-meta=\"{&quot;aperture&quot;:&quot;0&quot;,&quot;credit&quot;:&quot;1&quot;,&quot;camera&quot;:&quot;&quot;,&quot;caption&quot;:&quot;&quot;,&quot;created_timestamp&quot;:&quot;0&quot;,&quot;copyright&quot;:&quot;&quot;,&quot;focal_length&quot;:&quot;0&quot;,&quot;iso&quot;:&quot;0&quot;,&quot;shutter_speed&quot;:&quot;0&quot;,&quot;title&quot;:&quot;&quot;,&quot;orientation&quot;:&quot;0&quot;}\" data-image-title=\"Kel Santiago &amp;#8211; WordCamp Krak\u00f3w 2015\" data-image-description=\"\" data-medium-file=\"https:\/\/gdynia.wordcamp.org\/2016\/files\/2016\/04\/MG_1252-300x200.jpg\" data-large-file=\"https:\/\/gdynia.wordcamp.org\/2016\/files\/2016\/04\/MG_1252-1024x683.jpg\" src=\"https:\/\/i0.wp.com\/gdynia.wordcamp.org\/2016\/files\/2016\/04\/MG_1252.jpg?w=197&#038;h=131&#038;ssl=1\" srcset=\"https:\/\/gdynia.wordcamp.org\/2016\/files\/2016\/04\/MG_1252.jpg 1500w, https:\/\/gdynia.wordcamp.org\/2016\/files\/2016\/04\/MG_1252-300x200.jpg 300w, https:\/\/gdynia.wordcamp.org\/2016\/files\/2016\/04\/MG_1252-768x512.jpg 768w, https:\/\/gdynia.wordcamp.org\/2016\/files\/2016\/04\/MG_1252-1024x683.jpg 1024w, https:\/\/gdynia.wordcamp.org\/2016\/files\/2016\/04\/MG_1252-450x300.jpg 450w\" width=\"197\" height=\"131\" loading=\"lazy\" data-original-width=\"197\" data-original-height=\"131\" itemprop=\"http:\/\/schema.org\/image\" title=\"Kel Santiago - WordCamp Krak\u00f3w 2015\" alt=\"Kel Santiago - WordCamp Krak\u00f3w 2015\" style=\"width: 197px; height: 131px;\" \/> <\/a> <\/div> <\/div> <!-- close group --> <div class=\"gallery-group images-1\" style=\"width: 91px; height: 135px;\" data-original-width=\"91\" data-original-height=\"135\" > <div class=\"tiled-gallery-item tiled-gallery-item-small\" itemprop=\"associatedMedia\" itemscope itemtype=\"http:\/\/schema.org\/ImageObject\"> <a href=\"https:\/\/gdynia.wordcamp.org\/2016\/dziewczyny-zglaszajcie-sie-i-przemowcie\/_mg_1337\/\" border=\"0\" itemprop=\"url\"> <meta itemprop=\"width\" content=\"87\"> <meta itemprop=\"height\" content=\"131\"> <img decoding=\"async\" class=\"\" data-attachment-id=\"781\" data-orig-file=\"https:\/\/gdynia.wordcamp.org\/2016\/files\/2016\/04\/MG_1337.jpg\" data-orig-size=\"1000,1500\" data-comments-opened=\"1\" data-image-meta=\"{&quot;aperture&quot;:&quot;0&quot;,&quot;credit&quot;:&quot;1&quot;,&quot;camera&quot;:&quot;&quot;,&quot;caption&quot;:&quot;&quot;,&quot;created_timestamp&quot;:&quot;0&quot;,&quot;copyright&quot;:&quot;&quot;,&quot;focal_length&quot;:&quot;0&quot;,&quot;iso&quot;:&quot;0&quot;,&quot;shutter_speed&quot;:&quot;0&quot;,&quot;title&quot;:&quot;&quot;,&quot;orientation&quot;:&quot;0&quot;}\" data-image-title=\"Ewa Karaszkiewicz &amp;#8211; WordCamp Krak\u00f3w 2015\" data-image-description=\"\" data-medium-file=\"https:\/\/gdynia.wordcamp.org\/2016\/files\/2016\/04\/MG_1337-200x300.jpg\" data-large-file=\"https:\/\/gdynia.wordcamp.org\/2016\/files\/2016\/04\/MG_1337-683x1024.jpg\" src=\"https:\/\/i0.wp.com\/gdynia.wordcamp.org\/2016\/files\/2016\/04\/MG_1337.jpg?w=87&#038;h=131&#038;ssl=1\" srcset=\"https:\/\/gdynia.wordcamp.org\/2016\/files\/2016\/04\/MG_1337.jpg 1000w, https:\/\/gdynia.wordcamp.org\/2016\/files\/2016\/04\/MG_1337-200x300.jpg 200w, https:\/\/gdynia.wordcamp.org\/2016\/files\/2016\/04\/MG_1337-768x1152.jpg 768w, https:\/\/gdynia.wordcamp.org\/2016\/files\/2016\/04\/MG_1337-683x1024.jpg 683w\" width=\"87\" height=\"131\" loading=\"lazy\" data-original-width=\"87\" data-original-height=\"131\" itemprop=\"http:\/\/schema.org\/image\" title=\"Ewa Karaszkiewicz - WordCamp Krak\u00f3w 2015\" alt=\"Ewa Karaszkiewicz - WordCamp Krak\u00f3w 2015\" style=\"width: 87px; height: 131px;\" \/> <\/a> <\/div> <\/div> <!-- close group --> <div class=\"gallery-group images-1\" style=\"width: 91px; height: 135px;\" data-original-width=\"91\" data-original-height=\"135\" > <div class=\"tiled-gallery-item tiled-gallery-item-small\" itemprop=\"associatedMedia\" itemscope itemtype=\"http:\/\/schema.org\/ImageObject\"> <a href=\"https:\/\/gdynia.wordcamp.org\/2016\/dziewczyny-zglaszajcie-sie-i-przemowcie\/_mg_1667\/\" border=\"0\" itemprop=\"url\"> <meta itemprop=\"width\" content=\"87\"> <meta itemprop=\"height\" content=\"131\"> <img decoding=\"async\" class=\"\" data-attachment-id=\"782\" data-orig-file=\"https:\/\/gdynia.wordcamp.org\/2016\/files\/2016\/04\/MG_1667.jpg\" data-orig-size=\"1000,1500\" data-comments-opened=\"1\" data-image-meta=\"{&quot;aperture&quot;:&quot;0&quot;,&quot;credit&quot;:&quot;1&quot;,&quot;camera&quot;:&quot;&quot;,&quot;caption&quot;:&quot;&quot;,&quot;created_timestamp&quot;:&quot;0&quot;,&quot;copyright&quot;:&quot;&quot;,&quot;focal_length&quot;:&quot;0&quot;,&quot;iso&quot;:&quot;0&quot;,&quot;shutter_speed&quot;:&quot;0&quot;,&quot;title&quot;:&quot;&quot;,&quot;orientation&quot;:&quot;0&quot;}\" data-image-title=\"Kasia \u015awiderska &amp;#8211; WordCamp Krak\u00f3w 2015\" data-image-description=\"\" data-medium-file=\"https:\/\/gdynia.wordcamp.org\/2016\/files\/2016\/04\/MG_1667-200x300.jpg\" data-large-file=\"https:\/\/gdynia.wordcamp.org\/2016\/files\/2016\/04\/MG_1667-683x1024.jpg\" src=\"https:\/\/i0.wp.com\/gdynia.wordcamp.org\/2016\/files\/2016\/04\/MG_1667.jpg?w=87&#038;h=131&#038;ssl=1\" srcset=\"https:\/\/gdynia.wordcamp.org\/2016\/files\/2016\/04\/MG_1667.jpg 1000w, https:\/\/gdynia.wordcamp.org\/2016\/files\/2016\/04\/MG_1667-200x300.jpg 200w, https:\/\/gdynia.wordcamp.org\/2016\/files\/2016\/04\/MG_1667-768x1152.jpg 768w, https:\/\/gdynia.wordcamp.org\/2016\/files\/2016\/04\/MG_1667-683x1024.jpg 683w\" width=\"87\" height=\"131\" loading=\"lazy\" data-original-width=\"87\" data-original-height=\"131\" itemprop=\"http:\/\/schema.org\/image\" title=\"Kasia \u015awiderska - WordCamp Krak\u00f3w 2015\" alt=\"Kasia \u015awiderska - WordCamp Krak\u00f3w 2015\" style=\"width: 87px; height: 131px;\" \/> <\/a> <\/div> <\/div> <!-- close group --> <\/div> <!-- close row --> <\/div>\n","protected":false},"excerpt":{"rendered":"<p>Mimo \u017ce zgodnie ze stereotypami to dziewczyny wi\u0119cej m\u00f3wi\u0105, na dotychczasowych polskich WordCampach zauwa\u017calna by\u0142a przewaga liczebna m\u0119skich prelekcji. W 2013 roku we Wroc\u0142awiu w\u015br\u00f3d 16 prelegent\u00f3w by\u0142y 3 dziewczyny, w 2014 w Warszawie w\u015br\u00f3d 31 m\u00f3wc\u00f3w dziewczyn by\u0142o 5, a w Krakowie w 2015 roku w\u015br\u00f3d 36 prelegent\u00f3w dziewczyn by\u0142o 7. Oznacza to, \u017ce &hellip; <a href=\"https:\/\/gdynia.wordcamp.org\/2016\/dziewczyny-zglaszajcie-sie-i-przemowcie\/\" class=\"more-link\">Czytaj dalej <span class=\"screen-reader-text\">Dziewczyny! Zg\u0142aszajcie si\u0119 i przem\u00f3wcie&#8230;<\/span> <span class=\"meta-nav\">&rarr;<\/span><\/a><\/p>\n","protected":false},"author":14391336,"featured_media":860,"comment_status":"open","ping_status":"open","sticky":false,"template":"","format":"standard","meta":{"_crdt_document":"","jetpack_post_was_ever_published":false,"_jetpack_newsletter_access":"","_jetpack_dont_email_post_to_subs":false,"_jetpack_newsletter_tier_id":0,"_jetpack_memberships_contains_paywalled_content":false,"_jetpack_memberships_contains_paid_content":false,"footnotes":""},"categories":[1],"tags":[827359,487760,827490,25,14],"class_list":["post-773","post","type-post","status-publish","format-standard","has-post-thumbnail","hentry","category-uncategorized","tag-dziewczyny","tag-gdynia","tag-girlswhowordpress","tag-wordcamp","tag-wordpress"],"jetpack_featured_media_url":"https:\/\/gdynia.wordcamp.org\/2016\/files\/2016\/05\/pexels-photo.jpg","jetpack_sharing_enabled":true,"jetpack_shortlink":"https:\/\/wp.me\/p763Fe-ct","_links":{"self":[{"href":"https:\/\/gdynia.wordcamp.org\/2016\/wp-json\/wp\/v2\/posts\/773","targetHints":{"allow":["GET"]}}],"collection":[{"href":"https:\/\/gdynia.wordcamp.org\/2016\/wp-json\/wp\/v2\/posts"}],"about":[{"href":"https:\/\/gdynia.wordcamp.org\/2016\/wp-json\/wp\/v2\/types\/post"}],"author":[{"embeddable":true,"href":"https:\/\/gdynia.wordcamp.org\/2016\/wp-json\/wp\/v2\/users\/14391336"}],"replies":[{"embeddable":true,"href":"https:\/\/gdynia.wordcamp.org\/2016\/wp-json\/wp\/v2\/comments?post=773"}],"version-history":[{"count":14,"href":"https:\/\/gdynia.wordcamp.org\/2016\/wp-json\/wp\/v2\/posts\/773\/revisions"}],"predecessor-version":[{"id":876,"href":"https:\/\/gdynia.wordcamp.org\/2016\/wp-json\/wp\/v2\/posts\/773\/revisions\/876"}],"wp:featuredmedia":[{"embeddable":true,"href":"https:\/\/gdynia.wordcamp.org\/2016\/wp-json\/wp\/v2\/media\/860"}],"wp:attachment":[{"href":"https:\/\/gdynia.wordcamp.org\/2016\/wp-json\/wp\/v2\/media?parent=773"}],"wp:term":[{"taxonomy":"category","embeddable":true,"href":"https:\/\/gdynia.wordcamp.org\/2016\/wp-json\/wp\/v2\/categories?post=773"},{"taxonomy":"post_tag","embeddable":true,"href":"https:\/\/gdynia.wordcamp.org\/2016\/wp-json\/wp\/v2\/tags?post=773"}],"curies":[{"name":"wp","href":"https:\/\/api.w.org\/{rel}","templated":true}]}}