{"id":795,"date":"2016-05-06T08:54:17","date_gmt":"2016-05-06T08:54:17","guid":{"rendered":"https:\/\/2016.gdynia.wordcamp.org\/?p=795"},"modified":"2016-05-06T08:54:17","modified_gmt":"2016-05-06T08:54:17","slug":"pierwsi-prelegenci-wordcamp-gdynia","status":"publish","type":"post","link":"https:\/\/gdynia.wordcamp.org\/2016\/pierwsi-prelegenci-wordcamp-gdynia\/","title":{"rendered":"Pierwsi prelegenci WordCamp Gdynia!"},"content":{"rendered":"<p>Nadszed\u0142 moment, na kt\u00f3ry wszyscy czekali\u015bmy. Znamy pierwszych trzech prelegent\u00f3w konferencji <strong>WordCamp Gdynia 2016. S\u0105 to<\/strong> <strong>Jakub Milczarek<\/strong>, <strong>Tomasz Lach<\/strong> i <strong>Aleksander Kuczek<\/strong>.<\/p>\n<h3><strong>Jakub Milczarek<\/strong> <strong><em>Prototypowanie wtyczek &#8211; fanaberia czy codzienno\u015b\u0107? <\/em><\/strong><\/h3>\n<p><strong>\u015acie\u017cka: Developer<\/strong><\/p>\n<p>W trakcie prezentacji zastanowimy si\u0119, czy warto prototypowa\u0107 podczas tworzenia wtyczek do WordPressa i dlaczego tak. Poznamy ulubione metody i narz\u0119dzia, a tak\u017ce kilka przyk\u0142ad\u00f3w z ostatnich projekt\u00f3w.<\/p>\n<h3><strong>Tomasz Lach<\/strong> <strong><em>Jak zacz\u0105\u0107 pracowa\u0107 dla klient\u00f3w zagranicznych<\/em><\/strong><\/h3>\n<p><strong>\u015acie\u017cka: Open\/Case Studies<\/strong><\/p>\n<p>W swojej prelekcji przedstawi histori\u0119 tego jak rozpocz\u0105\u0142 od zera przygod\u0119 z prac\u0105 dla zagranicznych klient\u00f3w. Zacz\u0119\u0142o si\u0119 od pomys\u0142u: &#8222;Hej! Mo\u017ce poszukajmy jakich\u015b klient\u00f3w z zagranicy!&#8221; i pierwszych, niezbyt udanych pr\u00f3b ich pozyskania. W prezentacji opowie o tym dlaczego poradniki z popularnych portali dla freelancer\u00f3w nie zadzia\u0142a\u0142y, co zadzia\u0142a\u0142o, a tak\u017ce o jakich zagro\u017ceniach nie pomy\u015bleli\u015bmy. Na co nale\u017cy zwr\u00f3ci\u0107 uwag\u0119 w pracy z zagranicznymi klientami, na jakim rynku przychodzi nam si\u0119 odnale\u017a\u0107, jak komunikowa\u0107 swoj\u0105 mark\u0119 w tym zr\u00f3\u017cnicowanym i bardzo konkurencyjnym otoczeniu. Opowie o tym co najlepiej sprawdzi\u0142o si\u0119 na naszej drodze do pracy z klientami z USA, Kostaryki, Izraela, Norwegii, Danii, Niemiec, Australii, Kanady i innych kraj\u00f3w. Koniec ko\u0144c\u00f3w odpowie na pytanie czy naprawd\u0119 warto i czy klienci z zagranicy to zawsze najlepsze co nas mo\u017ce spotka\u0107.<\/p>\n<h3><strong>Aleksander Kuczek <em>Jak Twoja strona internetowa wp\u0142ywa na reputacj\u0119 WordPressa i co mo\u017cesz z tym zrobi\u0107?<\/em><\/strong><\/h3>\n<p><strong>\u015acie\u017cka: Developer<\/strong><\/p>\n<p>Reputacja ca\u0142ej spo\u0142eczno\u015bci WordPress zale\u017cy od jako\u015bci stron internetowych. Twoje strony www wp\u0142ywaj\u0105 na to jak WordPress jest postrzegany. Z tej prezentacji dowiesz si\u0119 dlaczego wa\u017cne jest tworzenie stron wysokiej jako\u015bci oraz dbanie o ich bezpiecze\u0144stwo i aktualno\u015b\u0107. Poznamy narz\u0119dzia, tricki i dobre praktyki, pozwalaj\u0105ce podnie\u015b\u0107 jako\u015b\u0107 stron www oraz reputacj\u0119 WordPressa jako CMS, na kt\u00f3rym mo\u017cna polega\u0107 przy ma\u0142ych i du\u017cych projektach.<\/p>\n<h3>S\u0142\u00f3wko o prelegentach<\/h3>\n<p>Jakub, Tomasz i Aleksander doskonale znani s\u0105 polskiej spo\u0142eczno\u015bci WordPressowej, jednak warto w tym miejscu powiedzie\u0107 o nich wi\u0119cej.<\/p>\n<h4><strong>Jakub Milczarek<\/strong><\/h4>\n<p>Mi\u0142o\u015bnik wszystkiego co zwi\u0105zane ze sprawami u\u017cyteczno\u015bci, a tak\u017ce specjalista z dziedziny fizykochemii kryminalistycznej. Stronami internetowymi zajmuje si\u0119 od 1997 roku, a z samym WordPressem zaprzyja\u017ani\u0142 si\u0119 ju\u017c w 2007 roku. Mia\u0142 zaszczyt by\u0107 szefem organizacji pierwszej edycji WordCamp Polska w 2010 roku, a w latach 2010-2012 prowadzi\u0142 z sukcesami firm\u0119 WP-Expert, jest cz\u0142onkiem User Experience Professionals Association. Obecnie pracuje jako UX Specialist w OnTheGoSystems i na Politechnice \u0141\u00f3dzkiej. W wolnych chwilach zdobywa Koron\u0119 Europy, poszukuje skrzynek OpenCaching i bloguje jako <a href=\"http:\/\/blog.milczarek.eu\/\" target=\"_blank\">Lodzermensch<\/a>.<\/p>\n<h4><strong>Tomasz Lach<\/strong><\/h4>\n<p>Pasjonat WordPress\u2019a, przedsi\u0119biorca i bloger, r\u00f3wnolegle rozwija firm\u0119 internetow\u0105 i profesjonalny blog kulinarny. \u015awiadczy us\u0142ugi IT i projektowe zwi\u0105zane z platform\u0105 WordPress dla klient\u00f3w z ca\u0142ego \u015bwiata. Jako bloger jest r\u00f3wnie\u017c pomys\u0142odawc\u0105 i organizatorem (od 2013 roku) ca\u0142ej serii konferencji \u201ebloSilesia\u201d (<a href=\"http:\/\/www.blosilesia.org\/\" target=\"_blank\">www.blosilesia.org<\/a>) maj\u0105cych na celu rozw\u00f3j i integracj\u0119 polskiej blogosfery.<\/p>\n<h4>Aleksander Kuczek<\/h4>\n<p>CEO i wsp\u00f3\u0142tw\u00f3rca <a href=\"https:\/\/perfectdashboard.co\/index.html\" target=\"_blank\">Perfect Dashboard<\/a> \u2013 platformy oszcz\u0119dzaj\u0105cej administratorom stron internetowych 50% czasu w codziennych i niecodziennych czynno\u015bciach. Wierzy, \u017ce internet jest kluczem do rozwoju ka\u017cdego biznesu. Swoj\u0105 pierwsz\u0105 stron\u0119 internetow\u0105 stworzy\u0142 w wieku 15 lat, a maj\u0105c lat 17 za\u0142o\u017cy\u0142 pierwsz\u0105 firm\u0119. Prywatnie pasjonuje si\u0119 optymalizacj\u0105 wszystkiego co mo\u017cliwe i czerpaniem z \u017cycia, ile tylko si\u0119 da. Prelegent na konferencjach bran\u017cowych w kraju i za granic\u0105. Po pracy zarz\u0105dza wirtualnymi imperiami w grach komputerowych.<\/p>\n<h3>Kolejnych prelegent\u00f3w poznamy ju\u017c w przysz\u0142ym tygodniu!<\/h3>\n<p>PS Chcesz wys\u0142ucha\u0107 tych prelekcji? Kup bilet &#8211; zosta\u0142o jeszcze kilka w ni\u017cszej cenie!<\/p>\n<p><a class=\"button\" style=\"background: #03a9f4\" href=\"https:\/\/2016.gdynia.wordcamp.org\/bilety\/\" target=\"_blank\">Kup Bilet!<\/a><\/p>\n<p>PS 2 Je\u015bli chcesz tak\u017ce zosta\u0107 prelegentem\/prelegentk\u0105, nadal masz szans\u0119!<\/p>\n<p><a class=\"button\" style=\"background: #03a9f4\" href=\"http:\/\/bit.ly\/prelegenciwcgdynia\" target=\"_blank\">Zosta\u0144 prelegentem WordCamp Gdynia!<\/a><\/p>\n","protected":false},"excerpt":{"rendered":"<p>Nadszed\u0142 moment, na kt\u00f3ry wszyscy czekali\u015bmy. Znamy pierwszych trzech prelegent\u00f3w konferencji WordCamp Gdynia 2016. S\u0105 to Jakub Milczarek, Tomasz Lach i Aleksander Kuczek. Jakub Milczarek Prototypowanie wtyczek &#8211; fanaberia czy codzienno\u015b\u0107? \u015acie\u017cka: Developer W trakcie prezentacji zastanowimy si\u0119, czy warto prototypowa\u0107 podczas tworzenia wtyczek do WordPressa i dlaczego tak. Poznamy ulubione metody i narz\u0119dzia, a &hellip; <a href=\"https:\/\/gdynia.wordcamp.org\/2016\/pierwsi-prelegenci-wordcamp-gdynia\/\" class=\"more-link\">Czytaj dalej <span class=\"screen-reader-text\">Pierwsi prelegenci WordCamp Gdynia!<\/span> <span class=\"meta-nav\">&rarr;<\/span><\/a><\/p>\n","protected":false},"author":13803854,"featured_media":803,"comment_status":"open","ping_status":"open","sticky":false,"template":"","format":"standard","meta":{"_crdt_document":"","jetpack_post_was_ever_published":false,"_jetpack_newsletter_access":"","_jetpack_dont_email_post_to_subs":false,"_jetpack_newsletter_tier_id":0,"_jetpack_memberships_contains_paywalled_content":false,"_jetpack_memberships_contains_paid_content":false,"footnotes":""},"categories":[1],"tags":[487760,350433,14],"class_list":["post-795","post","type-post","status-publish","format-standard","has-post-thumbnail","hentry","category-uncategorized","tag-gdynia","tag-prelegenci","tag-wordpress"],"jetpack_featured_media_url":"https:\/\/gdynia.wordcamp.org\/2016\/files\/2016\/05\/prelegenci-4.jpg","jetpack_sharing_enabled":true,"jetpack_shortlink":"https:\/\/wp.me\/p763Fe-cP","_links":{"self":[{"href":"https:\/\/gdynia.wordcamp.org\/2016\/wp-json\/wp\/v2\/posts\/795","targetHints":{"allow":["GET"]}}],"collection":[{"href":"https:\/\/gdynia.wordcamp.org\/2016\/wp-json\/wp\/v2\/posts"}],"about":[{"href":"https:\/\/gdynia.wordcamp.org\/2016\/wp-json\/wp\/v2\/types\/post"}],"author":[{"embeddable":true,"href":"https:\/\/gdynia.wordcamp.org\/2016\/wp-json\/wp\/v2\/users\/13803854"}],"replies":[{"embeddable":true,"href":"https:\/\/gdynia.wordcamp.org\/2016\/wp-json\/wp\/v2\/comments?post=795"}],"version-history":[{"count":10,"href":"https:\/\/gdynia.wordcamp.org\/2016\/wp-json\/wp\/v2\/posts\/795\/revisions"}],"predecessor-version":[{"id":822,"href":"https:\/\/gdynia.wordcamp.org\/2016\/wp-json\/wp\/v2\/posts\/795\/revisions\/822"}],"wp:featuredmedia":[{"embeddable":true,"href":"https:\/\/gdynia.wordcamp.org\/2016\/wp-json\/wp\/v2\/media\/803"}],"wp:attachment":[{"href":"https:\/\/gdynia.wordcamp.org\/2016\/wp-json\/wp\/v2\/media?parent=795"}],"wp:term":[{"taxonomy":"category","embeddable":true,"href":"https:\/\/gdynia.wordcamp.org\/2016\/wp-json\/wp\/v2\/categories?post=795"},{"taxonomy":"post_tag","embeddable":true,"href":"https:\/\/gdynia.wordcamp.org\/2016\/wp-json\/wp\/v2\/tags?post=795"}],"curies":[{"name":"wp","href":"https:\/\/api.w.org\/{rel}","templated":true}]}}