{"id":834,"date":"2016-05-09T08:05:50","date_gmt":"2016-05-09T08:05:50","guid":{"rendered":"https:\/\/2016.gdynia.wordcamp.org\/?p=834"},"modified":"2016-05-09T19:24:07","modified_gmt":"2016-05-09T19:24:07","slug":"2-wordupy-12-maja","status":"publish","type":"post","link":"https:\/\/gdynia.wordcamp.org\/2016\/2-wordupy-12-maja\/","title":{"rendered":"2 WordUpy 12 maja (+1)"},"content":{"rendered":"<p>W tym tygodniu, a dok\u0142adnie w czwartek 12 maja, czekaj\u0105 nas dwa spotkania WordPressowc\u00f3w &#8211; w \u0141odzi i Lublinie. [UPDATE: 20 maja odb\u0119dzie si\u0119 tak\u017ce pierwszy WordUp w Poznaniu! Wi\u0119cej informacji poni\u017cej.]<\/p>\n<h3><a href=\"https:\/\/www.facebook.com\/events\/1796675217234159\/\" target=\"_blank\">WordUp Lublin #13 z TechKlubem \u2013 o inspiruj\u0105cych zastosowaniach WordPressa<\/a><\/h3>\n<p>Spotkanie rozpoczyna si\u0119 o 18:00 w Cafe Trybunalska.<\/p>\n<p><span class=\"_4n-j fsl\">Bezp\u0142atne spotkanie lubelskich entuzjast\u00f3w WordPressa (popularnego systemu do prowadzenia w\u0142asnego bloga lub prostej strony internetowej &#8211; <a href=\"https:\/\/pl.wordpress.org\/\" target=\"_blank\" rel=\"nofollow nofollow\">https:\/\/pl.wordpress.org\/<\/a>) oraz os\u00f3b zainteresowanych kwestiami wykorzystywania nowych technologii w inicjatywach spo\u0142ecznych i organizacjach pozarz\u0105dowych.<\/span><\/p>\n<p>## AGENDA<\/p>\n<p><strong>Piotr Bielecki<\/strong> &#8211; O fotograficznych \u015bledztwach w \u015brodowisku WordPressa<\/p>\n<p>WordPress, jako jedna z niewielu platform przeznaczonych do prezentacji w\u0142asnych tre\u015bci, nie pozbawia zdj\u0119\u0107 zapisanych w nich metadanych. Dzi\u0119ki temu, oraz przez to, \u017ce WordPress jest popularnym wyborem w\u015br\u00f3d fotograf\u00f3w, mo\u017cna przeprowadza\u0107 interesuj\u0105ce badania i ma\u0142e, fotograficzne \u015bledztwa. Nie musisz by\u0107 webmasterem, by dowiedzie\u0107 si<span class=\"text_exposed_show\">\u0119 czego\u015b nowego o swoich zdj\u0119ciach, a przecie\u017c dzisiaj ka\u017cdy z nas jest fotografem.<\/span><\/p>\n<p>Wi\u0119cej szczeg\u00f3\u0142\u00f3w wkr\u00f3tce &#8211; na Facebook&#8217;u wydarzenia.<\/p>\n<p>## BONUSY<\/p>\n<p>Podczas spotkania zostanie rozlosowana wej\u015bci\u00f3wka na konferencj\u0119 Sektor 3.0 (<a href=\"http:\/\/2016.sektor3-0.pl\/\" target=\"_blank\" rel=\"nofollow nofollow\">http:\/\/2016.sektor3-0.pl\/<\/a>) w Centrum Nauki Kopernik w Warszawie pt. HumanTech (18 \u2013 19 maja 2016). Konferencja ma tak niesamowity program i atmosfer\u0119, \u017ce wej\u015bci\u00f3wki rozesz\u0142y si\u0119 w ci\u0105gu jednego dnia!<br \/>\n<span class=\"text_exposed_show\"><br \/>\n## REJESTRACJA<\/span><\/p>\n<p>Spotkanie jest bezp\u0142atne. Aby potwierdzi\u0107 ch\u0119\u0107 uczestnictwa wystarczy zarejestrowa\u0107 si\u0119 na poni\u017cszej stronie:<\/p>\n<p>* <a href=\"http:\/\/l.facebook.com\/l.php?u=http%3A%2F%2Ftechklublublin.evenea.pl%2F&amp;h=RAQGdyw12&amp;enc=AZP2syYT71EZ2uqDi6eI02ztrpoAWILTmSPVjJX84TItHR50t8uGcOakwu_gV-AWMCg&amp;s=1\" target=\"_blank\" rel=\"nofollow nofollow\">http:\/\/techklublublin.evenea.pl\/<\/a><\/p>\n<p>## ORGANIZATORZY<\/p>\n<p>* WordUp Lublin: <a href=\"https:\/\/www.facebook.com\/WordUpLublin\" rel=\"nofollow\">https:\/\/www.facebook.com\/WordUpLublin<\/a><br \/>\n* TechKlub Lublin: <a href=\"http:\/\/www.technologielokalnie.pl\/techklub\/lublin\/\" target=\"_blank\" rel=\"nofollow nofollow\">http:\/\/www.technologielokalnie.pl\/techklub\/lublin\/<\/a><\/p>\n<h3><a href=\"https:\/\/www.facebook.com\/events\/833896026715685\/\" target=\"_blank\">WordUp \u0141\u00f3d\u017a #6<\/a><\/h3>\n<p>Spotkanie rozpoczyna si\u0119 o 18:30 w Niebostanie.<\/p>\n<p><span class=\"_4n-j fsl\">Tym razem poruszone zostan\u0105 aspekty prawne bran\u017cy IT, tematy skalowania WordPressa oraz pracy z projektami na WordPressie.<\/span><\/p>\n<p>Prelegentami b\u0119d\u0105: <strong>Wojciech Wawrzak<\/strong>, <strong>\u0141ukasz Bajsarowicz<\/strong> oraz <strong>Kamil Porembi\u0144ski<\/strong>.<\/p>\n<p>Plan spotkania:<br \/>\n18:30 &#8211; 18:45 &#8211; powitanie uczestnik\u00f3w<br \/>\n18:45 &#8211; 19:15 &#8211; <strong>Wojciech Wawrzak<\/strong> &#8211; pytanie do prawnika<br \/>\n19:30 &#8211; 20:00 &#8211; <strong>\u0141ukasz Bajsarowicz<\/strong> &#8211; Szybki, lekki development WordPress<br \/>\n20:15 &#8211; 20:45 &#8211; <strong>Kamil Porembi\u0144ski<\/strong> &#8211; Jak postawi\u0107 WordPressa o wysokiej dost\u0119pno\u015bci<br \/>\n20:45 &#8211; ? &#8211; Networking<\/p>\n<p>Udzia\u0142 w spotkaniu jest bezp\u0142atny.<\/p>\n<p>Strona wydarzenia: <a href=\"http:\/\/l.facebook.com\/l.php?u=http%3A%2F%2Fworduplodz.pl%2F&amp;h=tAQFAUilX&amp;enc=AZMTZzxfsck0RGdH1-ejxWgfQLAubdld3ziaHNUZgZRm26konCTzCSqTnrQrbkyMows&amp;s=1\" target=\"_blank\" rel=\"nofollow nofollow\">http:\/\/worduplodz.pl\/<\/a><\/p>\n<h3>Zapraszamy do udzia\u0142u w obu spotkaniach!<\/h3>\n<h3>[UPDATE] 20 maja odb\u0119dzie si\u0119 pierwszy WordUp Pozna\u0144!<\/h3>\n<p><span class=\"_4n-j fsl\">WordUp czyli spotkanie po\u015bwi\u0119cone WordPressowi i jego spo\u0142eczno\u015bci. Po wielu edycjach w r\u00f3\u017cnych miastach w Polsce, inaugurujemy WordUpy w Poznaniu!<br \/>\n<\/span><\/p>\n<p><span class=\"_4n-j fsl\"><a href=\"https:\/\/www.facebook.com\/events\/1741484662775201\/\" target=\"_blank\">Strona wydarzenia na Facebook&#8217;u<\/a>.<\/span><\/p>\n<p><span class=\"_4n-j fsl\">WordPress to Tw\u00f3j CMS? &#8211; Zapraszamy!<br \/>\nDopiero co dowiedzia\u0142e\u015b si\u0119 o tworzeniu stron za pomoc\u0105 systemu zarz\u0105dzania tre\u015bci\u0105? &#8211; Przyjd\u017a, b\u0119dzie o czym rozmawia\u0107!<\/span><\/p>\n<p>Program wyst\u0105pie\u0144:<br \/>\n<strong>Krzysiek Dr\u00f3\u017cd\u017c<\/strong> &#8211; Wyczaruj sobie spok\u00f3j<br \/>\n<strong>Piotr Niewiadomski<\/strong> &#8211; Prosty i szybki Cache plikowy w WordPressie<br \/>\n+ prelekcja o hostingu<\/p>\n<p>Po cz\u0119\u015bci merytorycznej b\u0119dzie czas na swobodne rozmowy o WordPressie.<\/p>\n","protected":false},"excerpt":{"rendered":"<p>W tym tygodniu, a dok\u0142adnie w czwartek 12 maja, czekaj\u0105 nas dwa spotkania WordPressowc\u00f3w &#8211; w \u0141odzi i Lublinie. [UPDATE: 20 maja odb\u0119dzie si\u0119 tak\u017ce pierwszy WordUp w Poznaniu! Wi\u0119cej informacji poni\u017cej.] WordUp Lublin #13 z TechKlubem \u2013 o inspiruj\u0105cych zastosowaniach WordPressa Spotkanie rozpoczyna si\u0119 o 18:00 w Cafe Trybunalska. Bezp\u0142atne spotkanie lubelskich entuzjast\u00f3w WordPressa &hellip; <a href=\"https:\/\/gdynia.wordcamp.org\/2016\/2-wordupy-12-maja\/\" class=\"more-link\">Czytaj dalej <span class=\"screen-reader-text\">2 WordUpy 12 maja (+1)<\/span> <span class=\"meta-nav\">&rarr;<\/span><\/a><\/p>\n","protected":false},"author":13803854,"featured_media":835,"comment_status":"open","ping_status":"open","sticky":false,"template":"","format":"standard","meta":{"_crdt_document":"","jetpack_post_was_ever_published":false,"_jetpack_newsletter_access":"","_jetpack_dont_email_post_to_subs":false,"_jetpack_newsletter_tier_id":0,"_jetpack_memberships_contains_paywalled_content":false,"_jetpack_memberships_contains_paid_content":false,"footnotes":""},"categories":[1],"tags":[487749,487769,14,487744],"class_list":["post-834","post","type-post","status-publish","format-standard","has-post-thumbnail","hentry","category-uncategorized","tag-lublin","tag-lodz","tag-wordpress","tag-wordup"],"jetpack_featured_media_url":"https:\/\/gdynia.wordcamp.org\/2016\/files\/2016\/05\/wp-dkblue-orange-1440x900.png","jetpack_sharing_enabled":true,"jetpack_shortlink":"https:\/\/wp.me\/p763Fe-ds","_links":{"self":[{"href":"https:\/\/gdynia.wordcamp.org\/2016\/wp-json\/wp\/v2\/posts\/834","targetHints":{"allow":["GET"]}}],"collection":[{"href":"https:\/\/gdynia.wordcamp.org\/2016\/wp-json\/wp\/v2\/posts"}],"about":[{"href":"https:\/\/gdynia.wordcamp.org\/2016\/wp-json\/wp\/v2\/types\/post"}],"author":[{"embeddable":true,"href":"https:\/\/gdynia.wordcamp.org\/2016\/wp-json\/wp\/v2\/users\/13803854"}],"replies":[{"embeddable":true,"href":"https:\/\/gdynia.wordcamp.org\/2016\/wp-json\/wp\/v2\/comments?post=834"}],"version-history":[{"count":8,"href":"https:\/\/gdynia.wordcamp.org\/2016\/wp-json\/wp\/v2\/posts\/834\/revisions"}],"predecessor-version":[{"id":855,"href":"https:\/\/gdynia.wordcamp.org\/2016\/wp-json\/wp\/v2\/posts\/834\/revisions\/855"}],"wp:featuredmedia":[{"embeddable":true,"href":"https:\/\/gdynia.wordcamp.org\/2016\/wp-json\/wp\/v2\/media\/835"}],"wp:attachment":[{"href":"https:\/\/gdynia.wordcamp.org\/2016\/wp-json\/wp\/v2\/media?parent=834"}],"wp:term":[{"taxonomy":"category","embeddable":true,"href":"https:\/\/gdynia.wordcamp.org\/2016\/wp-json\/wp\/v2\/categories?post=834"},{"taxonomy":"post_tag","embeddable":true,"href":"https:\/\/gdynia.wordcamp.org\/2016\/wp-json\/wp\/v2\/tags?post=834"}],"curies":[{"name":"wp","href":"https:\/\/api.w.org\/{rel}","templated":true}]}}